{"id":385,"date":"2022-04-14T23:35:57","date_gmt":"2022-04-15T02:35:57","guid":{"rendered":"https:\/\/reer-rj.org.br\/?p=385"},"modified":"2022-04-14T23:36:19","modified_gmt":"2022-04-15T02:36:19","slug":"reer-rj-visita-cvb-rj","status":"publish","type":"post","link":"https:\/\/reer-rj.org.br\/?p=385","title":{"rendered":"REER-RJ Visita CVB-RJ"},"content":{"rendered":"\n<p>A Rede Estadual de Emerg\u00eancia de Radioamadores do Estado do Rio de Janeiro, na data de 13\/04\/2022 visitou a Sede da Cruz Vermelha Brasileira no Estado do Rio de Janeiro CVB-RJ. Na ocasi\u00e3o foi recebido pelo Seu Presidente Sr. Vitor Marcelo, e seu chefe de gabinete Sr. Rodrigo de Sant&#8217;Anna T\u00e9t\u00e9, sendo a Cruz vermelha uma das ag\u00eancias da REER-RJ, seu coordenador Sr. Sales Morenno, levou para a pauta da reuni\u00e3o a apresenta\u00e7\u00e3o da rede, bem como tamb\u00e9m esteve acompanhado pelo Presidente da LABRE-RJ. Sr. Sergio Mendes.<br>A inten\u00e7\u00e3o \u00e9 aproximar mais os volunt\u00e1rios da CVB-RJ ao conv\u00edvio do radioamadorismo com a LABRE-RJ. Incentivando e promovendo palestras para capacita\u00e7\u00f5es desses volunt\u00e1rios ao Radioamadorismo e auxiliando tamb\u00e9m os volunt\u00e1rios para a emiss\u00e3o de indicativo de R\u00e1dio Cidad\u00e3o (PX), o que consideramos um primeiro passo, uma vez que \u00e9 poss\u00edvel fazer tudo via internet e sem custo. Outro sim, \u00e9 importante a LABRE-RJ auxiliar a CVB-RJ para que seus volunt\u00e1rios se interessem pelo Hobby, que \u00e9 o radioamadorismo, onde pode expandir mais os horizontes no que tange as comunica\u00e7\u00f5es e p\u00f4r fim a REER-RJ receber esses novos radioamadores e ou operadores da faixa do cidad\u00e3o para integrar sua equipe de volunt\u00e1rios.<\/p>\n\n\n\n<p> \u00a0<\/p>\n\n\n<!-- Final Tiles Grid Gallery for WordPress v3.6.9 free --><style>#ftg-33 .tile .icon { color:#ffffff; }#ftg-33 .ftg-items .loading-bar i { background:#666; }#ftg-33 .ftg-items .loading-bar { background:#fff; }#ftg-33 .tile .icon { font-size:12px; }#ftg-33 .tile .icon { margin: -6px 0 0 -6px; }#ftg-33 .tile .caption-block .text-wrapper span.text { font-size:12px; }#ftg-33 .tile .caption-outside .text-wrapper span.text { font-size:12px; }#ftg-33 .tile .caption-block .text-wrapper span.title { font-size:14px; }#ftg-33 .tile .caption-outside .text-wrapper span.title { font-size:14px; }#ftg-33 .tile { background-color: transparent; }#ftg-33 .tile .caption-block .text-wrapper span.text { color: #ffffff; }#ftg-33 .tile .caption-block .text-wrapper span.title { color: #ffffff; }#ftg-33 .tile .caption-outside .text-wrapper span.text { color: #ffffff; }#ftg-33 .tile .caption-outside .text-wrapper span.title { color: #ffffff; }#ftg-33 .tile .ftg-social a { color: #ffffff; }#ftg-33 .tile .caption-block { transition-duration:0.25s; }#ftg-33 .tile .tile-inner:before { background-color: #000000; }#ftg-33 .tile .tile-inner:before { background-color: rgba(0, 0, 0, 0.8); }#ftg-33 .tile:hover img {-moz-transform: -moz-rotate(0deg) -moz-scale(0) ;-webkit-transform: -webkit-rotate(0deg) -webkit-scale(0) ;-o-transform: -o-rotate(0deg) -o-scale(0) ;-ms-transform: -ms-rotate(0deg) -ms-scale(0) ;transform: rotate(0deg) scale(0) ;}<\/style><a name=\"3\"><\/a><div class=\"final-tiles-gallery  ftg-hover-enabled caption-inside  caption-none caption-middle caption-center\" id=\"ftg-33\" style=\"width: 100%\"><div class='ftg-items'><div class='loading-bar'><i><\/i><\/div><div  class='tile ftg-preload  '><a title=\"REER-RJ Visita CVB-RJ\" data-lightbox='ftg-33' rel='ftg-33'  class=' tile-inner  ftg-lightbox' href='https:\/\/reer-rj.org.br\/wp-content\/uploads\/2022\/02\/WhatsApp-Image-2022-04-14-at-17.03.31-1024x682.jpeg' ><img alt='REER-RJ Visita CVB-RJ' class='item skip-lazy' data-class='item' data-ftg-source='https:\/\/reer-rj.org.br\/wp-content\/uploads\/2022\/02\/WhatsApp-Image-2022-04-14-at-17.03.31-1024x682.jpeg' src='https:\/\/reer-rj.org.br\/wp-content\/uploads\/2022\/02\/WhatsApp-Image-2022-04-14-at-17.03.31-1024x682.jpeg' width='640' height='426' \/><div class='caption-block'><div class='text-wrapper'><span class='title'>REER-RJ Visita CVB-RJ<\/span><\/div><\/div><\/a><div class='ftg-social'><\/div><\/div><div  class='tile ftg-preload  '><a title=\"REER-RJ Visita CVB-RJ\" data-lightbox='ftg-33' rel='ftg-33'  class=' tile-inner  ftg-lightbox' href='https:\/\/reer-rj.org.br\/wp-content\/uploads\/2022\/02\/WhatsApp-Image-2022-04-14-at-17.03.30-1-1024x682.jpeg' ><img alt='REER-RJ Visita CVB-RJ' class='item skip-lazy' data-class='item' data-ftg-source='https:\/\/reer-rj.org.br\/wp-content\/uploads\/2022\/02\/WhatsApp-Image-2022-04-14-at-17.03.30-1-1024x682.jpeg' src='https:\/\/reer-rj.org.br\/wp-content\/uploads\/2022\/02\/WhatsApp-Image-2022-04-14-at-17.03.30-1-1024x682.jpeg' width='640' height='426' \/><div class='caption-block'><div class='text-wrapper'><span class='title'>REER-RJ Visita CVB-RJ<\/span><\/div><\/div><\/a><div class='ftg-social'><\/div><\/div><div  class='tile ftg-preload  '><a title=\"REER-RJ Visita CVB-RJ\" data-lightbox='ftg-33' rel='ftg-33'  class=' tile-inner  ftg-lightbox' href='https:\/\/reer-rj.org.br\/wp-content\/uploads\/2022\/02\/WhatsApp-Image-2022-04-14-at-17.03.30-1024x682.jpeg' ><img alt='REER-RJ Visita CVB-RJ' class='item skip-lazy' data-class='item' data-ftg-source='https:\/\/reer-rj.org.br\/wp-content\/uploads\/2022\/02\/WhatsApp-Image-2022-04-14-at-17.03.30-1024x682.jpeg' src='https:\/\/reer-rj.org.br\/wp-content\/uploads\/2022\/02\/WhatsApp-Image-2022-04-14-at-17.03.30-1024x682.jpeg' width='640' height='426' \/><div class='caption-block'><div class='text-wrapper'><span class='title'>REER-RJ Visita CVB-RJ<\/span><\/div><\/div><\/a><div class='ftg-social'><\/div><\/div><\/div><\/div>\n\n\n\n<p> \u00a0<\/p>\n\n\n\n<p><\/p>\n","protected":false},"excerpt":{"rendered":"<p>A Rede Estadual de Emerg&ecirc;ncia de Radioamadores do Estado do<\/p>\n","protected":false},"author":1,"featured_media":382,"comment_status":"closed","ping_status":"closed","sticky":false,"template":"","format":"standard","meta":{"footnotes":""},"categories":[3],"tags":[],"class_list":["post-385","post","type-post","status-publish","format-standard","has-post-thumbnail","hentry","category-informativos"],"_links":{"self":[{"href":"https:\/\/reer-rj.org.br\/index.php?rest_route=\/wp\/v2\/posts\/385","targetHints":{"allow":["GET"]}}],"collection":[{"href":"https:\/\/reer-rj.org.br\/index.php?rest_route=\/wp\/v2\/posts"}],"about":[{"href":"https:\/\/reer-rj.org.br\/index.php?rest_route=\/wp\/v2\/types\/post"}],"author":[{"embeddable":true,"href":"https:\/\/reer-rj.org.br\/index.php?rest_route=\/wp\/v2\/users\/1"}],"replies":[{"embeddable":true,"href":"https:\/\/reer-rj.org.br\/index.php?rest_route=%2Fwp%2Fv2%2Fcomments&post=385"}],"version-history":[{"count":1,"href":"https:\/\/reer-rj.org.br\/index.php?rest_route=\/wp\/v2\/posts\/385\/revisions"}],"predecessor-version":[{"id":386,"href":"https:\/\/reer-rj.org.br\/index.php?rest_route=\/wp\/v2\/posts\/385\/revisions\/386"}],"wp:featuredmedia":[{"embeddable":true,"href":"https:\/\/reer-rj.org.br\/index.php?rest_route=\/wp\/v2\/media\/382"}],"wp:attachment":[{"href":"https:\/\/reer-rj.org.br\/index.php?rest_route=%2Fwp%2Fv2%2Fmedia&parent=385"}],"wp:term":[{"taxonomy":"category","embeddable":true,"href":"https:\/\/reer-rj.org.br\/index.php?rest_route=%2Fwp%2Fv2%2Fcategories&post=385"},{"taxonomy":"post_tag","embeddable":true,"href":"https:\/\/reer-rj.org.br\/index.php?rest_route=%2Fwp%2Fv2%2Ftags&post=385"}],"curies":[{"name":"wp","href":"https:\/\/api.w.org\/{rel}","templated":true}]}}