{"id":393,"date":"2022-04-16T12:28:17","date_gmt":"2022-04-16T15:28:17","guid":{"rendered":"https:\/\/reer-rj.org.br\/?p=393"},"modified":"2022-04-16T12:54:57","modified_gmt":"2022-04-16T15:54:57","slug":"reer-rj-recebe-visita-da-subsedec-e-esdec","status":"publish","type":"post","link":"https:\/\/reer-rj.org.br\/?p=393","title":{"rendered":"REER-RJ Recebe visita da SUBSEDEC e ESDEC"},"content":{"rendered":"\n<p>A Rede Estadual de Emerg\u00eancia de Radioamadores do Estado do Rio de Janeiro, na data de 13\/04\/2022 recebeu a visita do Tenente Coronal Watanabe, atual Coordenador da Rede SALVAR e do Tenente Coronel Velasques, ambos da SUBSEDEC (Sub secretaria Estadual Defesa Civil), e a Tenente Coronel Kellen Salles, da ESDEC (Escola de Defesa Civil) , Major Cyntia da SUOP (Superintend\u00eancia de Opera\u00e7\u00f5es ) e a Sra. Celia da SUBPDEC &#8211; Subsecretaria de Prote\u00e7\u00e3o e Defesa Civil. O objetivo desta reuni\u00e3o foi um maior entrosamento por parte da SUBSEDEC pela rede SALVAR , onde foi feito a apresenta\u00e7\u00e3o da REDE REER-RJ e sua estrutura , na ocasi\u00e3o foi colocado para a Tenente Coronel Kellen Salles da ESDEC a necessidade de capacita\u00e7\u00e3o por parte da ESDEC aos nossos volunt\u00e1rios, o que prontamente foi muito bem recebida pela diretora , que ficou de disponibilizar tais capacita\u00e7\u00f5es, para todos os volunt\u00e1rios da REER-RJ , bem como tamb\u00e9m a coloca\u00e7\u00e3o do Curso de Aperfei\u00e7oamento Emergencial para Radioamadores CAER na plataforma de ensino da ESDEC , com isso , todos os radioamadores ainda que distante da capital e por interm\u00e9dio desta plataforma EAD vai poder ser capacitado.<br>Outro ponto que foi tratado com o Tenente Coronal Watanabe \u00e9 a integra\u00e7\u00e3o com as REDECs, ou seja, Regi\u00f5es onde tem a presen\u00e7a de coordenadores da Defesa Civil e da REER-RJ, para uma integra\u00e7\u00e3o maior, e tamb\u00e9m viabilidade de visitas em conjunto para a dissemina\u00e7\u00e3o da REDE.<br>Hoje somos 11 REDECs e para cada uma delas, temos um Coordenador Regional. A intens\u00e3o \u00e9 visita-las todas at\u00e9 o fim de 2022 com encontros e capacita\u00e7\u00f5es presencias.<\/p>\n\n\n\n<p>Al\u00e9m dos j\u00e1 citados acima, participou desta reuni\u00e3o al\u00e9m do coordenador geral PY1IBM Sales Morenno o assessor da Coordena\u00e7\u00e3o Geral PY1PP Sergio Mendes.<\/p>\n\n\n\n<p>&nbsp;<\/p>\n\n\n<!-- Final Tiles Grid Gallery for WordPress v3.6.9 free --><style>#ftg-55 .tile .icon { color:#ffffff; }#ftg-55 .ftg-items .loading-bar i { background:#666; }#ftg-55 .ftg-items .loading-bar { background:#fff; }#ftg-55 .tile .icon { font-size:12px; }#ftg-55 .tile .icon { margin: -6px 0 0 -6px; }#ftg-55 .tile .caption-block .text-wrapper span.text { font-size:12px; }#ftg-55 .tile .caption-outside .text-wrapper span.text { font-size:12px; }#ftg-55 .tile .caption-block .text-wrapper span.title { font-size:14px; }#ftg-55 .tile .caption-outside .text-wrapper span.title { font-size:14px; }#ftg-55 .tile { background-color: transparent; }#ftg-55 .tile .caption-block .text-wrapper span.text { color: #ffffff; }#ftg-55 .tile .caption-block .text-wrapper span.title { color: #ffffff; }#ftg-55 .tile .caption-outside .text-wrapper span.text { color: #ffffff; }#ftg-55 .tile .caption-outside .text-wrapper span.title { color: #ffffff; }#ftg-55 .tile .ftg-social a { color: #ffffff; }#ftg-55 .tile .caption-block { transition-timing-function:linear; }#ftg-55 .tile .caption-block { transition-duration:0.25s; }#ftg-55 .tile .tile-inner:before { background-color: #000000; }#ftg-55 .tile .tile-inner:before { background-color: rgba(0, 0, 0, 0.8); }<\/style><a name=\"5\"><\/a><div class=\"final-tiles-gallery  ftg-hover-enabled caption-inside  caption-none caption-middle caption-center\" id=\"ftg-55\" style=\"width: 100%\"><div class='ftg-items'><div class='loading-bar'><i><\/i><\/div><div  class='tile ftg-preload  '><a title=\"VISITA DA SUBSEDEC E ESDEC\" data-lightbox='ftg-55' rel='ftg-55'  class=' tile-inner  ftg-lightbox' href='https:\/\/reer-rj.org.br\/wp-content\/uploads\/2022\/04\/1-1024x485.jpeg' ><img alt='VISITA DA SUBSEDEC E ESDEC' class='item skip-lazy' data-class='item' data-ftg-source='https:\/\/reer-rj.org.br\/wp-content\/uploads\/2022\/04\/1-1024x485.jpeg' src='https:\/\/reer-rj.org.br\/wp-content\/uploads\/2022\/04\/1-1024x485.jpeg' width='640' height='303' \/><span class='icon fa fa-zoom'><\/span><div class='caption-block'><div class='text-wrapper'><span class='title'>VISITA DA SUBSEDEC E ESDEC<\/span><\/div><\/div><\/a><div class='ftg-social'><\/div><\/div><div  class='tile ftg-preload  '><a title=\"VISITA DA SUBSEDEC E ESDEC\" data-lightbox='ftg-55' rel='ftg-55'  class=' tile-inner  ftg-lightbox' href='https:\/\/reer-rj.org.br\/wp-content\/uploads\/2022\/04\/2-1024x768.jpeg' ><img alt='VISITA DA SUBSEDEC E ESDEC' class='item skip-lazy' data-class='item' data-ftg-source='https:\/\/reer-rj.org.br\/wp-content\/uploads\/2022\/04\/2-1024x768.jpeg' src='https:\/\/reer-rj.org.br\/wp-content\/uploads\/2022\/04\/2-1024x768.jpeg' width='640' height='480' \/><span class='icon fa fa-zoom'><\/span><div class='caption-block'><div class='text-wrapper'><span class='title'>VISITA DA SUBSEDEC E ESDEC<\/span><\/div><\/div><\/a><div class='ftg-social'><\/div><\/div><div  class='tile ftg-preload  '><a title=\"VISITA DA SUBSEDEC E ESDEC\" data-lightbox='ftg-55' rel='ftg-55'  class=' tile-inner  ftg-lightbox' href='https:\/\/reer-rj.org.br\/wp-content\/uploads\/2022\/04\/3-1024x768.jpeg' ><img alt='VISITA DA SUBSEDEC E ESDEC' class='item skip-lazy' data-class='item' data-ftg-source='https:\/\/reer-rj.org.br\/wp-content\/uploads\/2022\/04\/3-1024x768.jpeg' src='https:\/\/reer-rj.org.br\/wp-content\/uploads\/2022\/04\/3-1024x768.jpeg' width='640' height='480' \/><span class='icon fa fa-zoom'><\/span><div class='caption-block'><div class='text-wrapper'><span class='title'>VISITA DA SUBSEDEC E ESDEC<\/span><\/div><\/div><\/a><div class='ftg-social'><\/div><\/div><div  class='tile ftg-preload  '><a title=\"VISITA DA SUBSEDEC E ESDEC\" data-lightbox='ftg-55' rel='ftg-55'  class=' tile-inner  ftg-lightbox' href='https:\/\/reer-rj.org.br\/wp-content\/uploads\/2022\/04\/4-1024x768.jpeg' ><img alt='VISITA DA SUBSEDEC E ESDEC' class='item skip-lazy' data-class='item' data-ftg-source='https:\/\/reer-rj.org.br\/wp-content\/uploads\/2022\/04\/4-1024x768.jpeg' src='https:\/\/reer-rj.org.br\/wp-content\/uploads\/2022\/04\/4-1024x768.jpeg' width='640' height='480' \/><span class='icon fa fa-zoom'><\/span><div class='caption-block'><div class='text-wrapper'><span class='title'>VISITA DA SUBSEDEC E ESDEC<\/span><\/div><\/div><\/a><div class='ftg-social'><\/div><\/div><div  class='tile ftg-preload  '><a title=\"VISITA DA SUBSEDEC E ESDEC\" data-lightbox='ftg-55' rel='ftg-55'  class=' tile-inner  ftg-lightbox' href='https:\/\/reer-rj.org.br\/wp-content\/uploads\/2022\/04\/5-1024x768.jpeg' ><img alt='VISITA DA SUBSEDEC E ESDEC' class='item skip-lazy' data-class='item' data-ftg-source='https:\/\/reer-rj.org.br\/wp-content\/uploads\/2022\/04\/5-1024x768.jpeg' src='https:\/\/reer-rj.org.br\/wp-content\/uploads\/2022\/04\/5-1024x768.jpeg' width='640' height='480' \/><span class='icon fa fa-zoom'><\/span><div class='caption-block'><div class='text-wrapper'><span class='title'>VISITA DA SUBSEDEC E ESDEC<\/span><\/div><\/div><\/a><div class='ftg-social'><\/div><\/div><\/div><\/div>\n\n\n\n<p>&nbsp;<\/p>\n","protected":false},"excerpt":{"rendered":"<p>A Rede Estadual de Emerg&ecirc;ncia de Radioamadores do Estado do<\/p>\n","protected":false},"author":1,"featured_media":397,"comment_status":"closed","ping_status":"closed","sticky":false,"template":"","format":"standard","meta":{"footnotes":""},"categories":[3],"tags":[],"class_list":["post-393","post","type-post","status-publish","format-standard","has-post-thumbnail","hentry","category-informativos"],"_links":{"self":[{"href":"https:\/\/reer-rj.org.br\/index.php?rest_route=\/wp\/v2\/posts\/393","targetHints":{"allow":["GET"]}}],"collection":[{"href":"https:\/\/reer-rj.org.br\/index.php?rest_route=\/wp\/v2\/posts"}],"about":[{"href":"https:\/\/reer-rj.org.br\/index.php?rest_route=\/wp\/v2\/types\/post"}],"author":[{"embeddable":true,"href":"https:\/\/reer-rj.org.br\/index.php?rest_route=\/wp\/v2\/users\/1"}],"replies":[{"embeddable":true,"href":"https:\/\/reer-rj.org.br\/index.php?rest_route=%2Fwp%2Fv2%2Fcomments&post=393"}],"version-history":[{"count":4,"href":"https:\/\/reer-rj.org.br\/index.php?rest_route=\/wp\/v2\/posts\/393\/revisions"}],"predecessor-version":[{"id":402,"href":"https:\/\/reer-rj.org.br\/index.php?rest_route=\/wp\/v2\/posts\/393\/revisions\/402"}],"wp:featuredmedia":[{"embeddable":true,"href":"https:\/\/reer-rj.org.br\/index.php?rest_route=\/wp\/v2\/media\/397"}],"wp:attachment":[{"href":"https:\/\/reer-rj.org.br\/index.php?rest_route=%2Fwp%2Fv2%2Fmedia&parent=393"}],"wp:term":[{"taxonomy":"category","embeddable":true,"href":"https:\/\/reer-rj.org.br\/index.php?rest_route=%2Fwp%2Fv2%2Fcategories&post=393"},{"taxonomy":"post_tag","embeddable":true,"href":"https:\/\/reer-rj.org.br\/index.php?rest_route=%2Fwp%2Fv2%2Ftags&post=393"}],"curies":[{"name":"wp","href":"https:\/\/api.w.org\/{rel}","templated":true}]}}