{"id":409,"date":"2022-04-30T16:53:05","date_gmt":"2022-04-30T19:53:05","guid":{"rendered":"https:\/\/reer-rj.org.br\/?p=409"},"modified":"2022-04-30T16:53:06","modified_gmt":"2022-04-30T19:53:06","slug":"encontro-reer-rj-com-fundacao-osorio","status":"publish","type":"post","link":"https:\/\/reer-rj.org.br\/?p=409","title":{"rendered":"Encontro REER-RJ com Funda\u00e7\u00e3o Osorio"},"content":{"rendered":"\n<p>Na ultima sexta feira 29\/04\/2022 o Coordenador Geral da REER-RJ encontrou-se com o Presidente da Funda\u00e7\u00e3o Osorio Sr. Cel. EB Luiz S\u00e9rgio Melucci Salgueiro, na Vila Militar RJ , onde o foi discutido a import\u00e2ncia das atividades de r\u00e1dio emerg\u00eancia e a inclus\u00e3o dos conhecimentos aos alunos desta institui\u00e7\u00e3o , falamos tamb\u00e9m sobre radioamadorismo, o quanto precisamos da revitaliza\u00e7\u00e3o do quadro de novos membros no hobby , pois quanto mais tempo passar , mais envelhecemos e temos que preparar esses novos radioamadores para nos suceder.<br>O Coronel Salgueiro se mostrou muito entusiasta sobre o assunto e pediu uma visita t\u00e3o logo possa na funda\u00e7\u00e3o, para que possamos conhecer melhor e dar continuidade as tratativas.<br>A Funda\u00e7\u00e3o Osorio<br>As primeiras ideias sobre a cria\u00e7\u00e3o da Funda\u00e7\u00e3o Osorio remontam ao ano de 1907, quando tr\u00eas oficiais encarregados dos festejos do centen\u00e1rio de nascimento do Marechal Os\u00f3rio apresentaram, tamb\u00e9m, a necessidade de se criar um orfanato com vistas \u00e0 educa\u00e7\u00e3o das filhas \u00f3rf\u00e3s de militares de mar e de terra falecidos na Guerra do Paraguai, \u00e0 semelhan\u00e7a do que j\u00e1 se fizera em rela\u00e7\u00e3o aos meninos, para os quais fora criado o Imperial Col\u00e9gio Militar do Rio de Janeiro (CMRJ), em 1889.<br>Eram eles o Tenente-Coronel J\u00f4natas de Mello Barreto, o Tenente-Coronel Ant\u00f4nio Jos\u00e9 Dias de Oliveira e o Capit\u00e3o Jos\u00e9 Feliciano Lobo Viana. Buscaram o apoio do Marechal Mallet, filho do Patrono da Artilharia, e do Ministro da Guerra da \u00e9poca, o Marechal Hermes da Fonseca. A ideia gerou grande entusiasmo.<br>Criou-se uma Associa\u00e7\u00e3o e buscou-se angariar recursos para a concretiza\u00e7\u00e3o do novo sonho. Pouco a pouco o grupo perdeu impuls\u00e3o, culminando com a dissolu\u00e7\u00e3o daquela Associa\u00e7\u00e3o.<br>As a\u00e7\u00f5es ficaram estagnadas, mas n\u00e3o os ideais.<br>Em 1921, finalmente, foi sancionado Decreto Legislativo autorizando o Poder Executivo a criar o Orfanato pretendido, o que ocorreu pelo Decreto 14.856, de 01 de junho, data de nosso anivers\u00e1rio.<br>O fato de o Orfanato ter sido colocado subordinado ao Patronato de Menores, entidade de assist\u00eancia e previd\u00eancia privada, gerou descontentamento, at\u00e9 que, em Decreto de 27 fevereiro de 1924, surgiu a sonhada autonomia de nossa institui\u00e7\u00e3o, j\u00e1 com o nome de Funda\u00e7\u00e3o Osorio. Suas obras foram conclu\u00eddas em 1926, dando-se a inaugura\u00e7\u00e3o em 24 de maio daquele ano, com a presen\u00e7a de representante do Presidente da Rep\u00fablica e outras autoridades.<br>A partir de 1993, a Funda\u00e7\u00e3o, que era exclusivamente destinada a meninas, passou a admitir, tamb\u00e9m, alunos do sexo masculino.<br>A Lei Nr 9026, de 10 de abril de 1995, vinculou-a ao Ex\u00e9rcito, por interm\u00e9dio do qual tem consignados no Or\u00e7amento da Uni\u00e3o os recursos para seu custeio e sua manuten\u00e7\u00e3o.<br><\/p>\n\n\n\n<p class=\"has-text-align-right\" style=\"font-size:14px\">Fonte \u2013 Site da institui\u00e7\u00e3o<\/p>\n\n\n\n<p> <\/p>\n","protected":false},"excerpt":{"rendered":"<p>Na ultima sexta feira 29\/04\/2022 o Coordenador Geral da REER-RJ<\/p>\n","protected":false},"author":1,"featured_media":410,"comment_status":"closed","ping_status":"closed","sticky":false,"template":"","format":"standard","meta":{"footnotes":""},"categories":[3],"tags":[],"class_list":["post-409","post","type-post","status-publish","format-standard","has-post-thumbnail","hentry","category-informativos"],"_links":{"self":[{"href":"https:\/\/reer-rj.org.br\/index.php?rest_route=\/wp\/v2\/posts\/409","targetHints":{"allow":["GET"]}}],"collection":[{"href":"https:\/\/reer-rj.org.br\/index.php?rest_route=\/wp\/v2\/posts"}],"about":[{"href":"https:\/\/reer-rj.org.br\/index.php?rest_route=\/wp\/v2\/types\/post"}],"author":[{"embeddable":true,"href":"https:\/\/reer-rj.org.br\/index.php?rest_route=\/wp\/v2\/users\/1"}],"replies":[{"embeddable":true,"href":"https:\/\/reer-rj.org.br\/index.php?rest_route=%2Fwp%2Fv2%2Fcomments&post=409"}],"version-history":[{"count":1,"href":"https:\/\/reer-rj.org.br\/index.php?rest_route=\/wp\/v2\/posts\/409\/revisions"}],"predecessor-version":[{"id":411,"href":"https:\/\/reer-rj.org.br\/index.php?rest_route=\/wp\/v2\/posts\/409\/revisions\/411"}],"wp:featuredmedia":[{"embeddable":true,"href":"https:\/\/reer-rj.org.br\/index.php?rest_route=\/wp\/v2\/media\/410"}],"wp:attachment":[{"href":"https:\/\/reer-rj.org.br\/index.php?rest_route=%2Fwp%2Fv2%2Fmedia&parent=409"}],"wp:term":[{"taxonomy":"category","embeddable":true,"href":"https:\/\/reer-rj.org.br\/index.php?rest_route=%2Fwp%2Fv2%2Fcategories&post=409"},{"taxonomy":"post_tag","embeddable":true,"href":"https:\/\/reer-rj.org.br\/index.php?rest_route=%2Fwp%2Fv2%2Ftags&post=409"}],"curies":[{"name":"wp","href":"https:\/\/api.w.org\/{rel}","templated":true}]}}